{"id":8847,"date":"2025-09-25T19:37:29","date_gmt":"2025-09-25T19:37:29","guid":{"rendered":"https:\/\/ocucenter.com\/?p=8847"},"modified":"2025-09-25T20:09:49","modified_gmt":"2025-09-25T20:09:49","slug":"descarte-catarata-evaluacion-integral-lima","status":"publish","type":"post","link":"https:\/\/ocucenter.com\/index.php\/2025\/09\/25\/descarte-catarata-evaluacion-integral-lima\/","title":{"rendered":"Descarte de catarata en Lima: evaluaci\u00f3n integral \u2014 qu\u00e9 incluye, cu\u00e1ndo hacerlo y qu\u00e9 esperar"},"content":{"rendered":"\n<p>Si notas <strong>visi\u00f3n nublada<\/strong>, encandilamiento con luces o cambios frecuentes en tu medida, es momento de un <strong>descarte de catarata<\/strong>. La evaluaci\u00f3n integral confirma si la opacidad del cristalino explica los s\u00edntomas y qu\u00e9 impacto tiene en tu d\u00eda a d\u00eda. Aqu\u00ed ver\u00e1s <strong>cu\u00e1ndo consultar<\/strong>, <strong>qu\u00e9 incluye el examen<\/strong> (medida computarizada, biomicroscop\u00eda, <strong>presi\u00f3n intraocular<\/strong> y <strong>fondo de ojo<\/strong>), <strong>cu\u00e1nto dura<\/strong> y <strong>qu\u00e9 esperar<\/strong> el d\u00eda de tu cita. La informaci\u00f3n es educativa; las decisiones se toman junto a tu especialista. \u00bfListo(a) para claridad diagn\u00f3stica? <strong>Agenda tu examen por WhatsApp<\/strong> y te orientamos en <strong>2 minutos<\/strong>.<\/p>\n\n\n\n<hr class=\"wp-block-separator has-alpha-channel-opacity\"\/>\n\n\n\n<h2 class=\"wp-block-heading\"><strong>Para qui\u00e9n es (y cu\u00e1ndo consultar)<\/strong><\/h2>\n\n\n\n<ul class=\"wp-block-list\">\n<li><strong>S\u00edntomas<\/strong>: visi\u00f3n borrosa o \u201cneblina\u201d, dificultad para leer, <strong>halos\/deslumbramiento<\/strong> con luces, colores apagados, cambios de receta.<\/li>\n\n\n\n<li><strong>Factores de riesgo<\/strong>: >60 a\u00f1os, exposici\u00f3n UV, <strong>diabetes<\/strong>, uso prolongado de corticoides, cirug\u00edas oculares previas.<\/li>\n\n\n\n<li><strong>Consulta inmediata<\/strong> si presentas <strong>dolor intenso<\/strong>, p\u00e9rdida s\u00fabita de visi\u00f3n, destellos o \u201csombras\u201d o trauma ocular.<\/li>\n<\/ul>\n\n\n\n<blockquote class=\"wp-block-quote is-layout-flow wp-block-quote-is-layout-flow\">\n<p><strong>Objetivo del descarte<\/strong>: confirmar diagn\u00f3stico, estimar impacto <strong>funcional<\/strong> y definir <strong>seguimiento<\/strong>. No todas las opacidades requieren tratamiento.<\/p>\n<\/blockquote>\n\n\n<div class=\"wp-block-image is-style-rounded\">\n<figure class=\"alignleft size-large\"><img loading=\"lazy\" decoding=\"async\" width=\"1024\" height=\"478\" src=\"https:\/\/ocucenter.com\/wp-content\/uploads\/2025\/09\/descarga-2-2-1024x478.png\" alt=\"\" class=\"wp-image-8855\" srcset=\"https:\/\/ocucenter.com\/wp-content\/uploads\/2025\/09\/descarga-2-2-1024x478.png 1024w, https:\/\/ocucenter.com\/wp-content\/uploads\/2025\/09\/descarga-2-2-300x140.png 300w, https:\/\/ocucenter.com\/wp-content\/uploads\/2025\/09\/descarga-2-2-768x358.png 768w, https:\/\/ocucenter.com\/wp-content\/uploads\/2025\/09\/descarga-2-2-1536x717.png 1536w, https:\/\/ocucenter.com\/wp-content\/uploads\/2025\/09\/descarga-2-2-2048x956.png 2048w, https:\/\/ocucenter.com\/wp-content\/uploads\/2025\/09\/descarga-2-2-600x280.png 600w\" sizes=\"auto, (max-width: 1024px) 100vw, 1024px\" \/><\/figure>\n<\/div>\n\n\n<h2 class=\"wp-block-heading\"><strong>Qu\u00e9 incluye el examen de descarte de catarata<\/strong><\/h2>\n\n\n\n<ul class=\"wp-block-list\">\n<li><strong>Historia cl\u00ednica + agudeza visual<\/strong>: c\u00f3mo afectan los s\u00edntomas a lectura, conducci\u00f3n y pantallas; medicaci\u00f3n actual.<\/li>\n\n\n\n<li><strong>Refracci\u00f3n\/medida computarizada<\/strong>: identifica cambios de graduaci\u00f3n y descarta causas refractivas de la baja visi\u00f3n.<\/li>\n\n\n\n<li><strong>Biomicroscop\u00eda (l\u00e1mpara de hendidura)<\/strong>: visualiza c\u00f3rnea, iris y <strong>cristalino<\/strong>; permite <strong>clasificar<\/strong> tipo y densidad de catarata.<\/li>\n\n\n\n<li><strong>Pruebas funcionales<\/strong> (seg\u00fan caso): sensibilidad al contraste y <strong>glare test<\/strong> cuando la queja principal es encandilamiento.<\/li>\n\n\n\n<li><strong>Tonometr\u00eda (PIO)<\/strong>: mide <strong>presi\u00f3n intraocular<\/strong> para descartar glaucoma asociado.<\/li>\n\n\n\n<li><strong>Dilataci\u00f3n y fondo de ojo<\/strong>: eval\u00faa <strong>m\u00e1cula<\/strong> y retina para detectar otras causas de visi\u00f3n baja.<\/li>\n\n\n\n<li><strong>Estudios complementarios<\/strong> (si corresponde): topograf\u00eda\/aberrometr\u00eda, <strong>paquimetr\u00eda<\/strong>, OCT de m\u00e1cula; <strong>biometr\u00eda<\/strong> solo si el plan de manejo lo requiere.<\/li>\n<\/ul>\n\n\n\n<blockquote class=\"wp-block-quote is-layout-flow wp-block-quote-is-layout-flow\">\n<p>Al finalizar, tu especialista explica resultados en <strong>lenguaje simple<\/strong>, entrega <strong>recomendaciones personalizadas<\/strong> y acuerda el <strong>pr\u00f3ximo control<\/strong>.<\/p>\n<\/blockquote>\n\n\n\n<hr class=\"wp-block-separator has-alpha-channel-opacity\"\/>\n\n\n\n<h2 class=\"wp-block-heading\"><strong>Preparaci\u00f3n y qu\u00e9 esperar el d\u00eda del examen<\/strong><\/h2>\n\n\n\n<ul class=\"wp-block-list\">\n<li><strong>Duraci\u00f3n estimada<\/strong>: 40\u201390 min (la <strong>dilataci\u00f3n<\/strong> a\u00f1ade 20\u201340 min).<\/li>\n\n\n\n<li><strong>Despu\u00e9s de dilatar<\/strong>: visi\u00f3n cercana borrosa y <strong>sensibilidad a la luz<\/strong> por horas. Trae <strong>lentes de sol<\/strong> y evita conducir.<\/li>\n\n\n\n<li><strong>Qu\u00e9 llevar<\/strong>: lentes actuales, recetas previas, lista de <strong>medicamentos<\/strong>, reportes de <strong>diabetes\/HTA<\/strong> y <strong>alergias<\/strong>.<\/li>\n\n\n\n<li><strong>Acompa\u00f1amiento<\/strong>: ideal venir con un familiar\/cuidador.<\/li>\n<\/ul>\n\n\n\n<p><strong>Checklist \u201cQu\u00e9 llevar\u201d<\/strong>: DNI \u00b7 Lentes actuales \u00b7 Recetas anteriores \u00b7 Medicaci\u00f3n que tomas \u00b7 Reportes previos \u00b7 Lentes de sol.<\/p>\n\n\n\n<hr class=\"wp-block-separator has-alpha-channel-opacity\"\/>\n\n\n\n<h2 class=\"wp-block-heading\"><strong>Resultados y siguientes pasos<\/strong><\/h2>\n\n\n\n<ul class=\"wp-block-list\">\n<li><strong>Sin catarata significativa<\/strong>: se orienta sobre otras causas (refracci\u00f3n, superficie ocular, retina) y se programa <strong>seguimiento<\/strong>.<\/li>\n\n\n\n<li><strong>Catarata presente, impacto leve<\/strong>: educaci\u00f3n, ajustes de lentes\/iluminaci\u00f3n y control peri\u00f3dico.<\/li>\n\n\n\n<li><strong>Catarata con impacto funcional<\/strong>: se conversa el plan de manejo. La decisi\u00f3n es conjunta y puede incluir observaci\u00f3n, optimizaci\u00f3n de gafas o discutir alternativas terap\u00e9uticas seg\u00fan tu caso.<\/li>\n<\/ul>\n\n\n\n<hr class=\"wp-block-separator has-alpha-channel-opacity\"\/>\n\n\n\n<h2 class=\"wp-block-heading\"><strong>Preguntas frecuentes (mini\u2011FAQ)<\/strong><\/h2>\n\n\n\n<ul class=\"wp-block-list\">\n<li><strong>\u00bfDuele el examen?<\/strong><br>No. Puede haber <strong>molestias leves<\/strong> por la luz y deslumbramiento tras la dilataci\u00f3n.<\/li>\n\n\n\n<li><strong>\u00bfSiempre se dilata la pupila?<\/strong><br>En la mayor\u00eda de casos s\u00ed, para revisar m\u00e1cula y retina; lo decide tu especialista.<\/li>\n\n\n\n<li><strong>\u00bfPuedo ir solo(a)?<\/strong><br>Recomendamos <strong>ir acompa\u00f1ado(a)<\/strong> por los efectos de la dilataci\u00f3n.<\/li>\n\n\n\n<li><strong>\u00bfCada cu\u00e1nto repetir el descarte?<\/strong><br>Seg\u00fan hallazgos y s\u00edntomas; frecuentemente <strong>6\u201312 meses<\/strong>.<\/li>\n\n\n\n<li><strong>\u00bfExisten gotas que \u201cdisuelvan\u201d la catarata?<\/strong><br>No. Actualmente no hay colirios que reviertan la catarata.<\/li>\n<\/ul>\n","protected":false},"excerpt":{"rendered":"<p>Si notas visi\u00f3n nublada, encandilamiento con luces o cambios frecuentes en tu medida, es momento de un descarte de catarata. La evaluaci\u00f3n integral confirma si la opacidad del cristalino explica los s\u00edntomas y qu\u00e9 impacto tiene en tu d\u00eda a d\u00eda. Aqu\u00ed ver\u00e1s cu\u00e1ndo consultar, qu\u00e9 incluye el examen (medida computarizada, biomicroscop\u00eda, presi\u00f3n intraocular y fondo de ojo), cu\u00e1nto dura y qu\u00e9 esperar el d\u00eda de tu cita. La informaci\u00f3n es educativa; las decisiones se toman junto a tu especialista. \u00bfListo(a) para claridad diagn\u00f3stica? Agenda tu examen por WhatsApp y te orientamos en 2 minutos.<\/p>\n","protected":false},"author":1,"featured_media":8857,"comment_status":"open","ping_status":"open","sticky":false,"template":"","format":"standard","meta":{"footnotes":""},"categories":[199],"tags":[],"class_list":["post-8847","post","type-post","status-publish","format-standard","has-post-thumbnail","hentry","category-catarata"],"yoast_head":"<!-- This site is optimized with the Yoast SEO plugin v26.0 - https:\/\/yoast.com\/wordpress\/plugins\/seo\/ -->\n<title>Descarte de catarata en Lima: evaluaci\u00f3n integral \u2014 qu\u00e9 incluye, cu\u00e1ndo hacerlo y qu\u00e9 esperar - Ocucenter | Salud Visual<\/title>\n<meta name=\"description\" content=\"Se\u00f1ales para consultar, qu\u00e9 incluye el examen completo de descarte de catarata (medida computarizada, biomicroscop\u00eda, PIO y fondo de ojo), cu\u00e1nto dura y qu\u00e9 esperar. Informaci\u00f3n educativa con revisi\u00f3n m\u00e9dica.\" \/>\n<meta name=\"robots\" content=\"index, follow, max-snippet:-1, max-image-preview:large, max-video-preview:-1\" \/>\n<link rel=\"canonical\" href=\"https:\/\/ocucenter.com\/index.php\/2025\/09\/25\/descarte-catarata-evaluacion-integral-lima\/\" \/>\n<meta property=\"og:locale\" content=\"es_ES\" \/>\n<meta property=\"og:type\" content=\"article\" \/>\n<meta property=\"og:title\" content=\"Descarte de catarata en Lima: evaluaci\u00f3n integral \u2014 qu\u00e9 incluye, cu\u00e1ndo hacerlo y qu\u00e9 esperar - Ocucenter | Salud Visual\" \/>\n<meta property=\"og:description\" content=\"Se\u00f1ales para consultar, qu\u00e9 incluye el examen completo de descarte de catarata (medida computarizada, biomicroscop\u00eda, PIO y fondo de ojo), cu\u00e1nto dura y qu\u00e9 esperar. Informaci\u00f3n educativa con revisi\u00f3n m\u00e9dica.\" \/>\n<meta property=\"og:url\" content=\"https:\/\/ocucenter.com\/index.php\/2025\/09\/25\/descarte-catarata-evaluacion-integral-lima\/\" \/>\n<meta property=\"og:site_name\" content=\"Ocucenter | Salud Visual\" \/>\n<meta property=\"article:publisher\" content=\"https:\/\/www.facebook.com\/profile.php?id=61572799346947\" \/>\n<meta property=\"article:published_time\" content=\"2025-09-25T19:37:29+00:00\" \/>\n<meta property=\"article:modified_time\" content=\"2025-09-25T20:09:49+00:00\" \/>\n<meta property=\"og:image\" content=\"https:\/\/ocucenter.com\/wp-content\/uploads\/2025\/09\/descarga-2-4-1024x478.png\" \/>\n\t<meta property=\"og:image:width\" content=\"1024\" \/>\n\t<meta property=\"og:image:height\" content=\"478\" \/>\n\t<meta property=\"og:image:type\" content=\"image\/png\" \/>\n<meta name=\"author\" content=\"Dra. Lucia\" \/>\n<meta name=\"twitter:card\" content=\"summary_large_image\" \/>\n<meta name=\"twitter:label1\" content=\"Escrito por\" \/>\n\t<meta name=\"twitter:data1\" content=\"Dra. Lucia\" \/>\n\t<meta name=\"twitter:label2\" content=\"Tiempo de lectura\" \/>\n\t<meta name=\"twitter:data2\" content=\"3 minutos\" \/>\n<script type=\"application\/ld+json\" class=\"yoast-schema-graph\">{\"@context\":\"https:\/\/schema.org\",\"@graph\":[{\"@type\":\"Article\",\"@id\":\"https:\/\/ocucenter.com\/index.php\/2025\/09\/25\/descarte-catarata-evaluacion-integral-lima\/#article\",\"isPartOf\":{\"@id\":\"https:\/\/ocucenter.com\/index.php\/2025\/09\/25\/descarte-catarata-evaluacion-integral-lima\/\"},\"author\":{\"name\":\"Dra. Lucia\",\"@id\":\"https:\/\/ocucenter.com\/#\/schema\/person\/2fcacf5bb7407899d3b016102194bf5d\"},\"headline\":\"Descarte de catarata en Lima: evaluaci\u00f3n integral \u2014 qu\u00e9 incluye, cu\u00e1ndo hacerlo y qu\u00e9 esperar\",\"datePublished\":\"2025-09-25T19:37:29+00:00\",\"dateModified\":\"2025-09-25T20:09:49+00:00\",\"mainEntityOfPage\":{\"@id\":\"https:\/\/ocucenter.com\/index.php\/2025\/09\/25\/descarte-catarata-evaluacion-integral-lima\/\"},\"wordCount\":599,\"commentCount\":0,\"publisher\":{\"@id\":\"https:\/\/ocucenter.com\/#organization\"},\"image\":{\"@id\":\"https:\/\/ocucenter.com\/index.php\/2025\/09\/25\/descarte-catarata-evaluacion-integral-lima\/#primaryimage\"},\"thumbnailUrl\":\"https:\/\/ocucenter.com\/wp-content\/uploads\/2025\/09\/descarga-2-4-scaled.png\",\"articleSection\":[\"Catarata\"],\"inLanguage\":\"es\",\"potentialAction\":[{\"@type\":\"CommentAction\",\"name\":\"Comment\",\"target\":[\"https:\/\/ocucenter.com\/index.php\/2025\/09\/25\/descarte-catarata-evaluacion-integral-lima\/#respond\"]}]},{\"@type\":\"WebPage\",\"@id\":\"https:\/\/ocucenter.com\/index.php\/2025\/09\/25\/descarte-catarata-evaluacion-integral-lima\/\",\"url\":\"https:\/\/ocucenter.com\/index.php\/2025\/09\/25\/descarte-catarata-evaluacion-integral-lima\/\",\"name\":\"Descarte de catarata en Lima: evaluaci\u00f3n integral \u2014 qu\u00e9 incluye, cu\u00e1ndo hacerlo y qu\u00e9 esperar - Ocucenter | Salud Visual\",\"isPartOf\":{\"@id\":\"https:\/\/ocucenter.com\/#website\"},\"primaryImageOfPage\":{\"@id\":\"https:\/\/ocucenter.com\/index.php\/2025\/09\/25\/descarte-catarata-evaluacion-integral-lima\/#primaryimage\"},\"image\":{\"@id\":\"https:\/\/ocucenter.com\/index.php\/2025\/09\/25\/descarte-catarata-evaluacion-integral-lima\/#primaryimage\"},\"thumbnailUrl\":\"https:\/\/ocucenter.com\/wp-content\/uploads\/2025\/09\/descarga-2-4-scaled.png\",\"datePublished\":\"2025-09-25T19:37:29+00:00\",\"dateModified\":\"2025-09-25T20:09:49+00:00\",\"description\":\"Se\u00f1ales para consultar, qu\u00e9 incluye el examen completo de descarte de catarata (medida computarizada, biomicroscop\u00eda, PIO y fondo de ojo), cu\u00e1nto dura y qu\u00e9 esperar. Informaci\u00f3n educativa con revisi\u00f3n m\u00e9dica.\",\"breadcrumb\":{\"@id\":\"https:\/\/ocucenter.com\/index.php\/2025\/09\/25\/descarte-catarata-evaluacion-integral-lima\/#breadcrumb\"},\"inLanguage\":\"es\",\"potentialAction\":[{\"@type\":\"ReadAction\",\"target\":[\"https:\/\/ocucenter.com\/index.php\/2025\/09\/25\/descarte-catarata-evaluacion-integral-lima\/\"]}]},{\"@type\":\"ImageObject\",\"inLanguage\":\"es\",\"@id\":\"https:\/\/ocucenter.com\/index.php\/2025\/09\/25\/descarte-catarata-evaluacion-integral-lima\/#primaryimage\",\"url\":\"https:\/\/ocucenter.com\/wp-content\/uploads\/2025\/09\/descarga-2-4-scaled.png\",\"contentUrl\":\"https:\/\/ocucenter.com\/wp-content\/uploads\/2025\/09\/descarga-2-4-scaled.png\",\"width\":2560,\"height\":1195},{\"@type\":\"BreadcrumbList\",\"@id\":\"https:\/\/ocucenter.com\/index.php\/2025\/09\/25\/descarte-catarata-evaluacion-integral-lima\/#breadcrumb\",\"itemListElement\":[{\"@type\":\"ListItem\",\"position\":1,\"name\":\"Portada\",\"item\":\"https:\/\/ocucenter.com\/\"},{\"@type\":\"ListItem\",\"position\":2,\"name\":\"Descarte de catarata en Lima: evaluaci\u00f3n integral \u2014 qu\u00e9 incluye, cu\u00e1ndo hacerlo y qu\u00e9 esperar\"}]},{\"@type\":\"WebSite\",\"@id\":\"https:\/\/ocucenter.com\/#website\",\"url\":\"https:\/\/ocucenter.com\/\",\"name\":\"Ocucenter | Salud Visual\",\"description\":\"Consultas y descartes oftalmol\u00f3gicos en Bre\u00f1a, diagn\u00f3stico temprano\",\"publisher\":{\"@id\":\"https:\/\/ocucenter.com\/#organization\"},\"potentialAction\":[{\"@type\":\"SearchAction\",\"target\":{\"@type\":\"EntryPoint\",\"urlTemplate\":\"https:\/\/ocucenter.com\/?s={search_term_string}\"},\"query-input\":{\"@type\":\"PropertyValueSpecification\",\"valueRequired\":true,\"valueName\":\"search_term_string\"}}],\"inLanguage\":\"es\"},{\"@type\":\"Organization\",\"@id\":\"https:\/\/ocucenter.com\/#organization\",\"name\":\"Ocucenter | Salud Visual\",\"url\":\"https:\/\/ocucenter.com\/\",\"logo\":{\"@type\":\"ImageObject\",\"inLanguage\":\"es\",\"@id\":\"https:\/\/ocucenter.com\/#\/schema\/logo\/image\/\",\"url\":\"https:\/\/ocucenter.com\/wp-content\/uploads\/2025\/09\/icono.png\",\"contentUrl\":\"https:\/\/ocucenter.com\/wp-content\/uploads\/2025\/09\/icono.png\",\"width\":512,\"height\":512,\"caption\":\"Ocucenter | Salud Visual\"},\"image\":{\"@id\":\"https:\/\/ocucenter.com\/#\/schema\/logo\/image\/\"},\"sameAs\":[\"https:\/\/www.facebook.com\/profile.php?id=61572799346947\",\"https:\/\/www.instagram.com\/ocucenter_oftalmologia\/\",\"https:\/\/www.tiktok.com\/@ocucenter_oftalmologia\"]},{\"@type\":\"Person\",\"@id\":\"https:\/\/ocucenter.com\/#\/schema\/person\/2fcacf5bb7407899d3b016102194bf5d\",\"name\":\"Dra. Lucia\",\"image\":{\"@type\":\"ImageObject\",\"inLanguage\":\"es\",\"@id\":\"https:\/\/ocucenter.com\/#\/schema\/person\/image\/\",\"url\":\"https:\/\/secure.gravatar.com\/avatar\/b401c072fc8a4d89c2884f6e8a92d892eb9f8f7f8788b261c5ee7e5cc393c7e1?s=96&d=mm&r=g\",\"contentUrl\":\"https:\/\/secure.gravatar.com\/avatar\/b401c072fc8a4d89c2884f6e8a92d892eb9f8f7f8788b261c5ee7e5cc393c7e1?s=96&d=mm&r=g\",\"caption\":\"Dra. Lucia\"},\"sameAs\":[\"https:\/\/ocucenter.com\"],\"url\":\"https:\/\/ocucenter.com\/index.php\/author\/admin_ocu\/\"}]}<\/script>\n<!-- \/ Yoast SEO plugin. -->","yoast_head_json":{"title":"Descarte de catarata en Lima: evaluaci\u00f3n integral \u2014 qu\u00e9 incluye, cu\u00e1ndo hacerlo y qu\u00e9 esperar - Ocucenter | Salud Visual","description":"Se\u00f1ales para consultar, qu\u00e9 incluye el examen completo de descarte de catarata (medida computarizada, biomicroscop\u00eda, PIO y fondo de ojo), cu\u00e1nto dura y qu\u00e9 esperar. Informaci\u00f3n educativa con revisi\u00f3n m\u00e9dica.","robots":{"index":"index","follow":"follow","max-snippet":"max-snippet:-1","max-image-preview":"max-image-preview:large","max-video-preview":"max-video-preview:-1"},"canonical":"https:\/\/ocucenter.com\/index.php\/2025\/09\/25\/descarte-catarata-evaluacion-integral-lima\/","og_locale":"es_ES","og_type":"article","og_title":"Descarte de catarata en Lima: evaluaci\u00f3n integral \u2014 qu\u00e9 incluye, cu\u00e1ndo hacerlo y qu\u00e9 esperar - Ocucenter | Salud Visual","og_description":"Se\u00f1ales para consultar, qu\u00e9 incluye el examen completo de descarte de catarata (medida computarizada, biomicroscop\u00eda, PIO y fondo de ojo), cu\u00e1nto dura y qu\u00e9 esperar. Informaci\u00f3n educativa con revisi\u00f3n m\u00e9dica.","og_url":"https:\/\/ocucenter.com\/index.php\/2025\/09\/25\/descarte-catarata-evaluacion-integral-lima\/","og_site_name":"Ocucenter | Salud Visual","article_publisher":"https:\/\/www.facebook.com\/profile.php?id=61572799346947","article_published_time":"2025-09-25T19:37:29+00:00","article_modified_time":"2025-09-25T20:09:49+00:00","og_image":[{"width":1024,"height":478,"url":"https:\/\/ocucenter.com\/wp-content\/uploads\/2025\/09\/descarga-2-4-1024x478.png","type":"image\/png"}],"author":"Dra. Lucia","twitter_card":"summary_large_image","twitter_misc":{"Escrito por":"Dra. Lucia","Tiempo de lectura":"3 minutos"},"schema":{"@context":"https:\/\/schema.org","@graph":[{"@type":"Article","@id":"https:\/\/ocucenter.com\/index.php\/2025\/09\/25\/descarte-catarata-evaluacion-integral-lima\/#article","isPartOf":{"@id":"https:\/\/ocucenter.com\/index.php\/2025\/09\/25\/descarte-catarata-evaluacion-integral-lima\/"},"author":{"name":"Dra. Lucia","@id":"https:\/\/ocucenter.com\/#\/schema\/person\/2fcacf5bb7407899d3b016102194bf5d"},"headline":"Descarte de catarata en Lima: evaluaci\u00f3n integral \u2014 qu\u00e9 incluye, cu\u00e1ndo hacerlo y qu\u00e9 esperar","datePublished":"2025-09-25T19:37:29+00:00","dateModified":"2025-09-25T20:09:49+00:00","mainEntityOfPage":{"@id":"https:\/\/ocucenter.com\/index.php\/2025\/09\/25\/descarte-catarata-evaluacion-integral-lima\/"},"wordCount":599,"commentCount":0,"publisher":{"@id":"https:\/\/ocucenter.com\/#organization"},"image":{"@id":"https:\/\/ocucenter.com\/index.php\/2025\/09\/25\/descarte-catarata-evaluacion-integral-lima\/#primaryimage"},"thumbnailUrl":"https:\/\/ocucenter.com\/wp-content\/uploads\/2025\/09\/descarga-2-4-scaled.png","articleSection":["Catarata"],"inLanguage":"es","potentialAction":[{"@type":"CommentAction","name":"Comment","target":["https:\/\/ocucenter.com\/index.php\/2025\/09\/25\/descarte-catarata-evaluacion-integral-lima\/#respond"]}]},{"@type":"WebPage","@id":"https:\/\/ocucenter.com\/index.php\/2025\/09\/25\/descarte-catarata-evaluacion-integral-lima\/","url":"https:\/\/ocucenter.com\/index.php\/2025\/09\/25\/descarte-catarata-evaluacion-integral-lima\/","name":"Descarte de catarata en Lima: evaluaci\u00f3n integral \u2014 qu\u00e9 incluye, cu\u00e1ndo hacerlo y qu\u00e9 esperar - Ocucenter | Salud Visual","isPartOf":{"@id":"https:\/\/ocucenter.com\/#website"},"primaryImageOfPage":{"@id":"https:\/\/ocucenter.com\/index.php\/2025\/09\/25\/descarte-catarata-evaluacion-integral-lima\/#primaryimage"},"image":{"@id":"https:\/\/ocucenter.com\/index.php\/2025\/09\/25\/descarte-catarata-evaluacion-integral-lima\/#primaryimage"},"thumbnailUrl":"https:\/\/ocucenter.com\/wp-content\/uploads\/2025\/09\/descarga-2-4-scaled.png","datePublished":"2025-09-25T19:37:29+00:00","dateModified":"2025-09-25T20:09:49+00:00","description":"Se\u00f1ales para consultar, qu\u00e9 incluye el examen completo de descarte de catarata (medida computarizada, biomicroscop\u00eda, PIO y fondo de ojo), cu\u00e1nto dura y qu\u00e9 esperar. Informaci\u00f3n educativa con revisi\u00f3n m\u00e9dica.","breadcrumb":{"@id":"https:\/\/ocucenter.com\/index.php\/2025\/09\/25\/descarte-catarata-evaluacion-integral-lima\/#breadcrumb"},"inLanguage":"es","potentialAction":[{"@type":"ReadAction","target":["https:\/\/ocucenter.com\/index.php\/2025\/09\/25\/descarte-catarata-evaluacion-integral-lima\/"]}]},{"@type":"ImageObject","inLanguage":"es","@id":"https:\/\/ocucenter.com\/index.php\/2025\/09\/25\/descarte-catarata-evaluacion-integral-lima\/#primaryimage","url":"https:\/\/ocucenter.com\/wp-content\/uploads\/2025\/09\/descarga-2-4-scaled.png","contentUrl":"https:\/\/ocucenter.com\/wp-content\/uploads\/2025\/09\/descarga-2-4-scaled.png","width":2560,"height":1195},{"@type":"BreadcrumbList","@id":"https:\/\/ocucenter.com\/index.php\/2025\/09\/25\/descarte-catarata-evaluacion-integral-lima\/#breadcrumb","itemListElement":[{"@type":"ListItem","position":1,"name":"Portada","item":"https:\/\/ocucenter.com\/"},{"@type":"ListItem","position":2,"name":"Descarte de catarata en Lima: evaluaci\u00f3n integral \u2014 qu\u00e9 incluye, cu\u00e1ndo hacerlo y qu\u00e9 esperar"}]},{"@type":"WebSite","@id":"https:\/\/ocucenter.com\/#website","url":"https:\/\/ocucenter.com\/","name":"Ocucenter | Salud Visual","description":"Consultas y descartes oftalmol\u00f3gicos en Bre\u00f1a, diagn\u00f3stico temprano","publisher":{"@id":"https:\/\/ocucenter.com\/#organization"},"potentialAction":[{"@type":"SearchAction","target":{"@type":"EntryPoint","urlTemplate":"https:\/\/ocucenter.com\/?s={search_term_string}"},"query-input":{"@type":"PropertyValueSpecification","valueRequired":true,"valueName":"search_term_string"}}],"inLanguage":"es"},{"@type":"Organization","@id":"https:\/\/ocucenter.com\/#organization","name":"Ocucenter | Salud Visual","url":"https:\/\/ocucenter.com\/","logo":{"@type":"ImageObject","inLanguage":"es","@id":"https:\/\/ocucenter.com\/#\/schema\/logo\/image\/","url":"https:\/\/ocucenter.com\/wp-content\/uploads\/2025\/09\/icono.png","contentUrl":"https:\/\/ocucenter.com\/wp-content\/uploads\/2025\/09\/icono.png","width":512,"height":512,"caption":"Ocucenter | Salud Visual"},"image":{"@id":"https:\/\/ocucenter.com\/#\/schema\/logo\/image\/"},"sameAs":["https:\/\/www.facebook.com\/profile.php?id=61572799346947","https:\/\/www.instagram.com\/ocucenter_oftalmologia\/","https:\/\/www.tiktok.com\/@ocucenter_oftalmologia"]},{"@type":"Person","@id":"https:\/\/ocucenter.com\/#\/schema\/person\/2fcacf5bb7407899d3b016102194bf5d","name":"Dra. Lucia","image":{"@type":"ImageObject","inLanguage":"es","@id":"https:\/\/ocucenter.com\/#\/schema\/person\/image\/","url":"https:\/\/secure.gravatar.com\/avatar\/b401c072fc8a4d89c2884f6e8a92d892eb9f8f7f8788b261c5ee7e5cc393c7e1?s=96&d=mm&r=g","contentUrl":"https:\/\/secure.gravatar.com\/avatar\/b401c072fc8a4d89c2884f6e8a92d892eb9f8f7f8788b261c5ee7e5cc393c7e1?s=96&d=mm&r=g","caption":"Dra. Lucia"},"sameAs":["https:\/\/ocucenter.com"],"url":"https:\/\/ocucenter.com\/index.php\/author\/admin_ocu\/"}]}},"_links":{"self":[{"href":"https:\/\/ocucenter.com\/index.php\/wp-json\/wp\/v2\/posts\/8847","targetHints":{"allow":["GET"]}}],"collection":[{"href":"https:\/\/ocucenter.com\/index.php\/wp-json\/wp\/v2\/posts"}],"about":[{"href":"https:\/\/ocucenter.com\/index.php\/wp-json\/wp\/v2\/types\/post"}],"author":[{"embeddable":true,"href":"https:\/\/ocucenter.com\/index.php\/wp-json\/wp\/v2\/users\/1"}],"replies":[{"embeddable":true,"href":"https:\/\/ocucenter.com\/index.php\/wp-json\/wp\/v2\/comments?post=8847"}],"version-history":[{"count":2,"href":"https:\/\/ocucenter.com\/index.php\/wp-json\/wp\/v2\/posts\/8847\/revisions"}],"predecessor-version":[{"id":8858,"href":"https:\/\/ocucenter.com\/index.php\/wp-json\/wp\/v2\/posts\/8847\/revisions\/8858"}],"wp:featuredmedia":[{"embeddable":true,"href":"https:\/\/ocucenter.com\/index.php\/wp-json\/wp\/v2\/media\/8857"}],"wp:attachment":[{"href":"https:\/\/ocucenter.com\/index.php\/wp-json\/wp\/v2\/media?parent=8847"}],"wp:term":[{"taxonomy":"category","embeddable":true,"href":"https:\/\/ocucenter.com\/index.php\/wp-json\/wp\/v2\/categories?post=8847"},{"taxonomy":"post_tag","embeddable":true,"href":"https:\/\/ocucenter.com\/index.php\/wp-json\/wp\/v2\/tags?post=8847"}],"curies":[{"name":"wp","href":"https:\/\/api.w.org\/{rel}","templated":true}]}}